{"id":28203,"date":"2025-02-20T14:11:44","date_gmt":"2025-02-20T13:11:44","guid":{"rendered":"https:\/\/meminto.com\/de\/?p=28203"},"modified":"2025-03-03T14:38:26","modified_gmt":"2025-03-03T13:38:26","slug":"14-buecher-biografien-und-autobiografien","status":"publish","type":"post","link":"https:\/\/meminto.com\/de\/blog\/14-buecher-biografien-und-autobiografien\/","title":{"rendered":"Die besten 14 B\u00fccher Biografien und Autobiografien"},"content":{"rendered":"<p>B\u00fccher Biografien sind mehr als nur Geschichten \u00fcber das Leben anderer Menschen \u2013 sie sind wahre Sch\u00e4tze voller Inspiration, Weisheit und Lebenslektionen. Sie bieten uns einen ehrlichen Blick in Erfolg, Scheitern und die Herausforderungen, die Menschen zu dem gemacht haben, was sie heute sind. Biografien beschreiben oft die bedeutenden Wendepunkte und Ereignisse im Leben au\u00dfergew\u00f6hnlicher Menschen und wecken dabei Emotionen und Gedanken, die uns inspirieren.<\/p>\n<h2>Warum Biografien lesen?<\/h2>\n<p>Das Lesen von<a href=\"https:\/\/meminto.com\/de\/blog\/was-ist-eine-biografie-hier-ist-die-erklaerung\/\"> Biografien<\/a> erweitert nicht nur den Horizont, sondern kann auch motivieren, den eigenen Weg zu finden und Herausforderungen zu meistern. Sie bieten uns wertvolle Einblicke in verschiedene Lebenssituationen und zeigen, wie Menschen mit schwierigen Phasen umgehen und am Ende oft gest\u00e4rkt daraus hervorgehen. Biografien und Autobiografien sind in der Regel intime Lebensgeschichten, die uns eine tiefere Verbindung zur betreffenden Person erm\u00f6glichen.<\/p>\n<div class=\"mem-keytakeaways\">\n<h2><strong>4 Gr\u00fcnde, warum Biografien so wertvoll f\u00fcr dich sein k\u00f6nnten:<\/strong><\/h2>\n<ul>\n<li><strong>Inspiration:<\/strong> Motivation durch au\u00dfergew\u00f6hnliche Lebenswege.<\/li>\n<li><strong>Lernen:<\/strong> Erfahrungen und Fehler anderer nutzen.<\/li>\n<li><strong>Geschichtswissen:<\/strong> Verkn\u00fcpfung mit Zeitgeschichte und wichtigen Ereignissen.<\/li>\n<li><strong>Emotionale Tiefe:<\/strong> Einblicke in Gedanken und Gef\u00fchle der betreffenden Person.<\/li>\n<\/ul>\n<\/div>\n<p>Meminto Storys bietet dir \u00e4hnliche Inspiration, wenn du dein eigenes<a href=\"https:\/\/meminto.com\/de\/blog\/wie-schreibe-ich-eine-biographie\/\"> <em>Lebensbuch<\/em> gestalten m\u00f6chtest<\/a>. Sammle deine wertvollsten Erinnerungen und schreibe deine eigene Geschichte.<\/p>\n<h2>Die besten Biografien, die du gelesen haben solltest<\/h2>\n<p><picture><source srcset=\"https:\/\/meminto.com\/de\/wp-content\/uploads\/sites\/2\/2025\/02\/close-up-book-woman-holding-mug-1024x683.avif 1024w,https:\/\/meminto.com\/de\/wp-content\/uploads\/sites\/2\/2025\/02\/close-up-book-woman-holding-mug-300x200.avif 300w,https:\/\/meminto.com\/de\/wp-content\/uploads\/sites\/2\/2025\/02\/close-up-book-woman-holding-mug-768x512.avif 768w,https:\/\/meminto.com\/de\/wp-content\/uploads\/sites\/2\/2025\/02\/close-up-book-woman-holding-mug-1536x1024.avif 1536w, https:\/\/meminto.com\/de\/wp-content\/uploads\/sites\/2\/2025\/02\/close-up-book-woman-holding-mug-2048x1365.jpg 2048w, https:\/\/meminto.com\/de\/wp-content\/uploads\/sites\/2\/2025\/02\/close-up-book-woman-holding-mug-60x40.jpg 60w, https:\/\/meminto.com\/de\/wp-content\/uploads\/sites\/2\/2025\/02\/close-up-book-woman-holding-mug-110x73.jpg 110w, https:\/\/meminto.com\/de\/wp-content\/uploads\/sites\/2\/2025\/02\/close-up-book-woman-holding-mug-600x400.jpg 600w\" sizes=\"(max-width: 1024px) 100vw, 1024px\" type=\"image\/avif\"><img src=\"https:\/\/meminto.com\/de\/wp-content\/uploads\/sites\/2\/2025\/02\/close-up-book-woman-holding-mug-1024x683.jpg\" height=\"683\" width=\"1024\" srcset=\"https:\/\/meminto.com\/de\/wp-content\/uploads\/sites\/2\/2025\/02\/close-up-book-woman-holding-mug-1024x683.jpg 1024w, https:\/\/meminto.com\/de\/wp-content\/uploads\/sites\/2\/2025\/02\/close-up-book-woman-holding-mug-300x200.jpg 300w, https:\/\/meminto.com\/de\/wp-content\/uploads\/sites\/2\/2025\/02\/close-up-book-woman-holding-mug-768x512.jpg 768w, https:\/\/meminto.com\/de\/wp-content\/uploads\/sites\/2\/2025\/02\/close-up-book-woman-holding-mug-1536x1024.jpg 1536w, https:\/\/meminto.com\/de\/wp-content\/uploads\/sites\/2\/2025\/02\/close-up-book-woman-holding-mug-2048x1365.jpg 2048w, https:\/\/meminto.com\/de\/wp-content\/uploads\/sites\/2\/2025\/02\/close-up-book-woman-holding-mug-60x40.jpg 60w, https:\/\/meminto.com\/de\/wp-content\/uploads\/sites\/2\/2025\/02\/close-up-book-woman-holding-mug-110x73.jpg 110w, https:\/\/meminto.com\/de\/wp-content\/uploads\/sites\/2\/2025\/02\/close-up-book-woman-holding-mug-600x400.jpg 600w\" sizes=\"(max-width: 1024px) 100vw, 1024px\" class=\"alignnone size-large wp-image-28211 sp-no-webp\" alt=\"b\u00fccher biografien\" fetchpriority=\"high\" decoding=\"async\"  > <\/picture><\/p>\n<h3><a href=\"https:\/\/amzn.to\/3R2ICe9\" rel=\"nofollow noopener\" target=\"_blank\"><picture><source srcset=\"https:\/\/meminto.com\/de\/wp-content\/uploads\/sites\/2\/2025\/02\/steve-198x300.avif 198w,https:\/\/meminto.com\/de\/wp-content\/uploads\/sites\/2\/2025\/02\/steve-676x1024.avif 676w,https:\/\/meminto.com\/de\/wp-content\/uploads\/sites\/2\/2025\/02\/steve-768x1164.avif 768w, https:\/\/meminto.com\/de\/wp-content\/uploads\/sites\/2\/2025\/02\/steve-600x909.jpg 600w,https:\/\/meminto.com\/de\/wp-content\/uploads\/sites\/2\/2025\/02\/steve.avif 990w\" sizes=\"(max-width: 132px) 100vw, 132px\" type=\"image\/avif\"><img src=\"https:\/\/meminto.com\/de\/wp-content\/uploads\/sites\/2\/2025\/02\/steve-198x300.jpg\" height=\"200\" width=\"132\" srcset=\"https:\/\/meminto.com\/de\/wp-content\/uploads\/sites\/2\/2025\/02\/steve-198x300.jpg 198w, https:\/\/meminto.com\/de\/wp-content\/uploads\/sites\/2\/2025\/02\/steve-676x1024.jpg 676w, https:\/\/meminto.com\/de\/wp-content\/uploads\/sites\/2\/2025\/02\/steve-768x1164.jpg 768w, https:\/\/meminto.com\/de\/wp-content\/uploads\/sites\/2\/2025\/02\/steve-600x909.jpg 600w, https:\/\/meminto.com\/de\/wp-content\/uploads\/sites\/2\/2025\/02\/steve.jpg 990w\" sizes=\"(max-width: 132px) 100vw, 132px\" class=\"wp-image-29021 alignright sp-no-webp\" alt=\"\" decoding=\"async\"  > <\/picture><\/a>1. <strong>&#8220;Steve Jobs&#8221; von Walter Isaacson<\/strong><\/h3>\n<p>Tauche in das faszinierende Leben von Steve Jobs ein, dem Mitbegr\u00fcnder von Apple. Das Buch, ein wahres Sachbuch und Bestseller, zeigt, wie seine Visionen und sein au\u00dfergew\u00f6hnliches Denken die Tech-Welt revolutionierten. Jobs&#8217; Durchhalteverm\u00f6gen und Innovationskraft machen diese Biografie zu einer der beliebtesten.<\/p>\n<p><strong>Amazon-Link:<\/strong> <a href=\"https:\/\/amzn.to\/4i4DH8m\" rel=\"nofollow noopener\" target=\"_blank\">Hier ansehen<\/a><\/p>\n<p><picture><source srcset=\"https:\/\/meminto.com\/de\/wp-content\/uploads\/sites\/2\/2025\/02\/becoming-188x300.avif 188w,https:\/\/meminto.com\/de\/wp-content\/uploads\/sites\/2\/2025\/02\/becoming-640x1024.avif 640w,https:\/\/meminto.com\/de\/wp-content\/uploads\/sites\/2\/2025\/02\/becoming-768x1228.avif 768w, https:\/\/meminto.com\/de\/wp-content\/uploads\/sites\/2\/2025\/02\/becoming-600x959.jpg 600w,https:\/\/meminto.com\/de\/wp-content\/uploads\/sites\/2\/2025\/02\/becoming.avif 938w\" sizes=\"(max-width: 125px) 100vw, 125px\" type=\"image\/avif\"><img src=\"https:\/\/meminto.com\/de\/wp-content\/uploads\/sites\/2\/2025\/02\/becoming-188x300.jpg\" height=\"199\" width=\"125\" srcset=\"https:\/\/meminto.com\/de\/wp-content\/uploads\/sites\/2\/2025\/02\/becoming-188x300.jpg 188w, https:\/\/meminto.com\/de\/wp-content\/uploads\/sites\/2\/2025\/02\/becoming-640x1024.jpg 640w, https:\/\/meminto.com\/de\/wp-content\/uploads\/sites\/2\/2025\/02\/becoming-768x1228.jpg 768w, https:\/\/meminto.com\/de\/wp-content\/uploads\/sites\/2\/2025\/02\/becoming-600x959.jpg 600w, https:\/\/meminto.com\/de\/wp-content\/uploads\/sites\/2\/2025\/02\/becoming.jpg 938w\" sizes=\"(max-width: 125px) 100vw, 125px\" class=\"wp-image-29023 alignright sp-no-webp\" alt=\"\" decoding=\"async\"  > <\/picture><\/p>\n<h3>2. <strong>&#8220;Becoming&#8221; von Michelle Obama<\/strong><\/h3>\n<p>Die ehemalige First Lady der USA teilt in ihrer inspirierenden Autobiografie intime Details \u00fcber ihr Leben, ihren Aufstieg und die Herausforderungen, denen sie sich stellen musste. Ein inspirierendes Buch \u00fcber Kraft, Zielstrebigkeit und Selbstvertrauen.<\/p>\n<p><strong>Amazon-Link:<\/strong> <a href=\"https:\/\/amzn.to\/43ji67m\" rel=\"nofollow noopener\" target=\"_blank\">Hier ansehen<\/a><\/p>\n<p><picture><source srcset=\"https:\/\/meminto.com\/de\/wp-content\/uploads\/sites\/2\/2025\/02\/elon-202x300.avif 202w,https:\/\/meminto.com\/de\/wp-content\/uploads\/sites\/2\/2025\/02\/elon-691x1024.avif 691w,https:\/\/meminto.com\/de\/wp-content\/uploads\/sites\/2\/2025\/02\/elon-768x1138.avif 768w, https:\/\/meminto.com\/de\/wp-content\/uploads\/sites\/2\/2025\/02\/elon-600x889.jpg 600w,https:\/\/meminto.com\/de\/wp-content\/uploads\/sites\/2\/2025\/02\/elon.avif 1012w\" sizes=\"(max-width: 135px) 100vw, 135px\" type=\"image\/avif\"><img src=\"https:\/\/meminto.com\/de\/wp-content\/uploads\/sites\/2\/2025\/02\/elon-202x300.jpg\" height=\"200\" width=\"135\" srcset=\"https:\/\/meminto.com\/de\/wp-content\/uploads\/sites\/2\/2025\/02\/elon-202x300.jpg 202w, https:\/\/meminto.com\/de\/wp-content\/uploads\/sites\/2\/2025\/02\/elon-691x1024.jpg 691w, https:\/\/meminto.com\/de\/wp-content\/uploads\/sites\/2\/2025\/02\/elon-768x1138.jpg 768w, https:\/\/meminto.com\/de\/wp-content\/uploads\/sites\/2\/2025\/02\/elon-600x889.jpg 600w, https:\/\/meminto.com\/de\/wp-content\/uploads\/sites\/2\/2025\/02\/elon.jpg 1012w\" sizes=\"(max-width: 135px) 100vw, 135px\" class=\"wp-image-29025 alignright sp-no-webp\" alt=\"\" loading=\"lazy\" decoding=\"async\"  > <\/picture><\/p>\n<h3>3. <strong>&#8220;Elon Musk&#8221; von Ashlee Vance<\/strong><\/h3>\n<p>Erfahre mehr \u00fcber den Mann hinter Tesla, SpaceX und anderen innovativen Unternehmen. Diese biografische Darstellung beleuchtet die Herausforderungen und Erfolge, die Musks Karriere pr\u00e4gen, sowie seine Vision f\u00fcr die Zukunft der Menschheit.<\/p>\n<p><strong>Amazon-Link:<\/strong> <a href=\"https:\/\/amzn.to\/4i0NUma\" rel=\"nofollow noopener\" target=\"_blank\">Hier ansehen<\/a><\/p>\n<p><picture><source srcset=\"https:\/\/meminto.com\/de\/wp-content\/uploads\/sites\/2\/2025\/02\/kate-193x300.jpg 193w,https:\/\/meminto.com\/de\/wp-content\/uploads\/sites\/2\/2025\/02\/kate-657x1024.avif 657w,https:\/\/meminto.com\/de\/wp-content\/uploads\/sites\/2\/2025\/02\/kate-768x1196.avif 768w, https:\/\/meminto.com\/de\/wp-content\/uploads\/sites\/2\/2025\/02\/kate-600x935.jpg 600w,https:\/\/meminto.com\/de\/wp-content\/uploads\/sites\/2\/2025\/02\/kate.avif 963w\" sizes=\"(max-width: 129px) 100vw, 129px\" type=\"image\/avif\"><img src=\"https:\/\/meminto.com\/de\/wp-content\/uploads\/sites\/2\/2025\/02\/kate-193x300.jpg\" height=\"201\" width=\"129\" srcset=\"https:\/\/meminto.com\/de\/wp-content\/uploads\/sites\/2\/2025\/02\/kate-193x300.jpg 193w, https:\/\/meminto.com\/de\/wp-content\/uploads\/sites\/2\/2025\/02\/kate-657x1024.jpg 657w, https:\/\/meminto.com\/de\/wp-content\/uploads\/sites\/2\/2025\/02\/kate-768x1196.jpg 768w, https:\/\/meminto.com\/de\/wp-content\/uploads\/sites\/2\/2025\/02\/kate-600x935.jpg 600w, https:\/\/meminto.com\/de\/wp-content\/uploads\/sites\/2\/2025\/02\/kate.jpg 963w\" sizes=\"(max-width: 129px) 100vw, 129px\" class=\"alignright wp-image-29026 sp-no-webp\" alt=\"\" loading=\"lazy\" decoding=\"async\"  > <\/picture><\/p>\n<h3>4. <strong>&#8220;Ein modernes Leben&#8221; von Simone de Beauvoir<\/strong><\/h3>\n<p>Die feministische Ikone und Schriftstellerin erz\u00e4hlt in dieser ergreifenden Autobiografie von ihrem Kampf f\u00fcr Freiheit, Emanzipation und Selbstbestimmung. Ihre Memoire ist besonders interessant f\u00fcr alle, die mehr \u00fcber die Kraft der Selbstverwirklichung erfahren m\u00f6chten.<\/p>\n<p><strong>Amazon-Link:<\/strong> <a href=\"https:\/\/amzn.to\/4i3hkQo\" rel=\"nofollow noopener\" target=\"_blank\">Hier ansehen<\/a><\/p>\n<h3><a href=\"https:\/\/amzn.to\/4kyWQAW\" rel=\"nofollow noopener\" target=\"_blank\"><picture><source srcset=\"https:\/\/meminto.com\/de\/wp-content\/uploads\/sites\/2\/2025\/02\/mandela-198x300.avif 198w,https:\/\/meminto.com\/de\/wp-content\/uploads\/sites\/2\/2025\/02\/mandela-675x1024.avif 675w,https:\/\/meminto.com\/de\/wp-content\/uploads\/sites\/2\/2025\/02\/mandela-768x1165.avif 768w, https:\/\/meminto.com\/de\/wp-content\/uploads\/sites\/2\/2025\/02\/mandela-600x910.jpg 600w,https:\/\/meminto.com\/de\/wp-content\/uploads\/sites\/2\/2025\/02\/mandela.avif 989w\" sizes=\"(max-width: 132px) 100vw, 132px\" type=\"image\/avif\"><img src=\"https:\/\/meminto.com\/de\/wp-content\/uploads\/sites\/2\/2025\/02\/mandela-198x300.jpg\" height=\"200\" width=\"132\" srcset=\"https:\/\/meminto.com\/de\/wp-content\/uploads\/sites\/2\/2025\/02\/mandela-198x300.jpg 198w, https:\/\/meminto.com\/de\/wp-content\/uploads\/sites\/2\/2025\/02\/mandela-675x1024.jpg 675w, https:\/\/meminto.com\/de\/wp-content\/uploads\/sites\/2\/2025\/02\/mandela-768x1165.jpg 768w, https:\/\/meminto.com\/de\/wp-content\/uploads\/sites\/2\/2025\/02\/mandela-600x910.jpg 600w, https:\/\/meminto.com\/de\/wp-content\/uploads\/sites\/2\/2025\/02\/mandela.jpg 989w\" sizes=\"(max-width: 132px) 100vw, 132px\" class=\"alignright wp-image-29020 sp-no-webp\" alt=\"\" loading=\"lazy\" decoding=\"async\"  > <\/picture><\/a>5. <strong>&#8220;Der lange Weg zur Freiheit&#8221; von Nelson Mandela<\/strong><\/h3>\n<p>Nelson Mandela, eine der bedeutendsten Pers\u00f6nlichkeiten der Zeitgeschichte, schildert in seiner herausragenden Autobiografie seinen Kampf gegen die Apartheid und seine Vision von Gleichheit und Frieden.<\/p>\n<p><strong>Amazon-Link:<\/strong> <a href=\"https:\/\/amzn.to\/4kyWQAW\" rel=\"nofollow noopener\" target=\"_blank\">Hier ansehen<\/a><\/p>\n<h3><a href=\"https:\/\/amzn.to\/4i4ELsS\" rel=\"nofollow noopener\" target=\"_blank\"><picture><source srcset=\"https:\/\/meminto.com\/de\/wp-content\/uploads\/sites\/2\/2025\/02\/trevor-189x300.jpg 189w,https:\/\/meminto.com\/de\/wp-content\/uploads\/sites\/2\/2025\/02\/trevor-646x1024.avif 646w,https:\/\/meminto.com\/de\/wp-content\/uploads\/sites\/2\/2025\/02\/trevor-768x1216.avif 768w, https:\/\/meminto.com\/de\/wp-content\/uploads\/sites\/2\/2025\/02\/trevor-600x950.jpg 600w,https:\/\/meminto.com\/de\/wp-content\/uploads\/sites\/2\/2025\/02\/trevor.avif 947w\" sizes=\"(max-width: 126px) 100vw, 126px\" type=\"image\/avif\"><img src=\"https:\/\/meminto.com\/de\/wp-content\/uploads\/sites\/2\/2025\/02\/trevor-189x300.jpg\" height=\"200\" width=\"126\" srcset=\"https:\/\/meminto.com\/de\/wp-content\/uploads\/sites\/2\/2025\/02\/trevor-189x300.jpg 189w, https:\/\/meminto.com\/de\/wp-content\/uploads\/sites\/2\/2025\/02\/trevor-646x1024.jpg 646w, https:\/\/meminto.com\/de\/wp-content\/uploads\/sites\/2\/2025\/02\/trevor-768x1216.jpg 768w, https:\/\/meminto.com\/de\/wp-content\/uploads\/sites\/2\/2025\/02\/trevor-600x950.jpg 600w, https:\/\/meminto.com\/de\/wp-content\/uploads\/sites\/2\/2025\/02\/trevor.jpg 947w\" sizes=\"(max-width: 126px) 100vw, 126px\" class=\"alignright wp-image-29031 sp-no-webp\" alt=\"\" loading=\"lazy\" decoding=\"async\"  > <\/picture><\/a>6. <strong>&#8220;Born a Crime \u2013 Als Verbrechen geboren&#8221; von Trevor Noah<\/strong><\/h3>\n<p>Der Comedian und Moderator Trevor Noah beschreibt auf humorvolle Weise seine Kindheit in S\u00fcdafrika w\u00e4hrend der Apartheid. Seine Memoire verbindet auf einzigartige Weise humorvolle und ernste Momente.<\/p>\n<p><strong>Amazon-Link:<\/strong> <a href=\"https:\/\/amzn.to\/4i4ELsS\" rel=\"nofollow noopener\" target=\"_blank\">Hier ansehen<\/a><\/p>\n<h3><a href=\"https:\/\/amzn.to\/3D4yoqd\" rel=\"nofollow noopener\" target=\"_blank\"><picture><source srcset=\"https:\/\/meminto.com\/de\/wp-content\/uploads\/sites\/2\/2025\/02\/fridakahlo-200x300.avif 200w,https:\/\/meminto.com\/de\/wp-content\/uploads\/sites\/2\/2025\/02\/fridakahlo-683x1024.avif 683w,https:\/\/meminto.com\/de\/wp-content\/uploads\/sites\/2\/2025\/02\/fridakahlo-768x1152.avif 768w, https:\/\/meminto.com\/de\/wp-content\/uploads\/sites\/2\/2025\/02\/fridakahlo-600x900.jpg 600w,https:\/\/meminto.com\/de\/wp-content\/uploads\/sites\/2\/2025\/02\/fridakahlo.avif 1000w\" sizes=\"(max-width: 133px) 100vw, 133px\" type=\"image\/avif\"><img src=\"https:\/\/meminto.com\/de\/wp-content\/uploads\/sites\/2\/2025\/02\/fridakahlo-200x300.jpg\" height=\"200\" width=\"133\" srcset=\"https:\/\/meminto.com\/de\/wp-content\/uploads\/sites\/2\/2025\/02\/fridakahlo-200x300.jpg 200w, https:\/\/meminto.com\/de\/wp-content\/uploads\/sites\/2\/2025\/02\/fridakahlo-683x1024.jpg 683w, https:\/\/meminto.com\/de\/wp-content\/uploads\/sites\/2\/2025\/02\/fridakahlo-768x1152.jpg 768w, https:\/\/meminto.com\/de\/wp-content\/uploads\/sites\/2\/2025\/02\/fridakahlo-600x900.jpg 600w, https:\/\/meminto.com\/de\/wp-content\/uploads\/sites\/2\/2025\/02\/fridakahlo.jpg 1000w\" sizes=\"(max-width: 133px) 100vw, 133px\" class=\"alignright wp-image-29032 sp-no-webp\" alt=\"\" loading=\"lazy\" decoding=\"async\"  > <\/picture><\/a>7. <strong>&#8220;Frida Kahlo: Eine Biografie&#8221; von Hayden Herrera<\/strong><\/h3>\n<p>Frida Kahlo ist nicht nur eine K\u00fcnstlerin, sondern auch ein Symbol f\u00fcr Kraft und Widerstand. Diese biografische Erfassung ihres bewegten Lebens zeigt, wie sie trotz schwerer Schicksalsschl\u00e4ge ihre kreative Stimme fand.<\/p>\n<p><strong>Amazon-Link:<\/strong> <a href=\"https:\/\/amzn.to\/3D4yoqd\" rel=\"nofollow noopener\" target=\"_blank\">Hier ansehen<\/a><\/p>\n<h3><a href=\"https:\/\/amzn.to\/4h1oBz2\" rel=\"nofollow noopener\" target=\"_blank\"><picture><source srcset=\"https:\/\/meminto.com\/de\/wp-content\/uploads\/sites\/2\/2025\/02\/humboldt-197x300.avif 197w,https:\/\/meminto.com\/de\/wp-content\/uploads\/sites\/2\/2025\/02\/humboldt.avif 292w\" sizes=\"(max-width: 132px) 100vw, 132px\" type=\"image\/avif\"><img src=\"https:\/\/meminto.com\/de\/wp-content\/uploads\/sites\/2\/2025\/02\/humboldt-197x300.jpg\" height=\"201\" width=\"132\" srcset=\"https:\/\/meminto.com\/de\/wp-content\/uploads\/sites\/2\/2025\/02\/humboldt-197x300.jpg 197w, https:\/\/meminto.com\/de\/wp-content\/uploads\/sites\/2\/2025\/02\/humboldt.jpg 292w\" sizes=\"(max-width: 132px) 100vw, 132px\" class=\"alignright wp-image-29033 sp-no-webp\" alt=\"\" loading=\"lazy\" decoding=\"async\"  > <\/picture><\/a>8. <strong>&#8220;Alexander von Humboldt und die Erfindung der Natur&#8221; von Andrea Wulf<\/strong><\/h3>\n<p>Die Biografie \u00fcber den ber\u00fchmten Naturforscher Alexander von Humboldt zeigt, wie sein Denken die Welt pr\u00e4gte. Seine Leidenschaft f\u00fcr die Natur und sein Wissen sind auch 2025 noch relevant.<\/p>\n<p><strong>Amazon-Link:<\/strong> <a href=\"https:\/\/amzn.to\/4h1oBz2\" rel=\"nofollow noopener\" target=\"_blank\">Hier ansehen<\/a><\/p>\n<h3><a href=\"https:\/\/amzn.to\/4i3bYEU\" rel=\"nofollow noopener\" target=\"_blank\"><picture><source srcset=\"https:\/\/meminto.com\/de\/wp-content\/uploads\/sites\/2\/2025\/02\/leonardo-193x300.jpg 193w,https:\/\/meminto.com\/de\/wp-content\/uploads\/sites\/2\/2025\/02\/leonardo.avif 287w\" sizes=\"(max-width: 129px) 100vw, 129px\" type=\"image\/avif\"><img src=\"https:\/\/meminto.com\/de\/wp-content\/uploads\/sites\/2\/2025\/02\/leonardo-193x300.jpg\" height=\"201\" width=\"129\" srcset=\"https:\/\/meminto.com\/de\/wp-content\/uploads\/sites\/2\/2025\/02\/leonardo-193x300.jpg 193w, https:\/\/meminto.com\/de\/wp-content\/uploads\/sites\/2\/2025\/02\/leonardo.jpg 287w\" sizes=\"(max-width: 129px) 100vw, 129px\" class=\"alignright wp-image-29034 sp-no-webp\" alt=\"\" loading=\"lazy\" decoding=\"async\"  > <\/picture><\/a>9. <strong>&#8220;Der Mann, der die Welt ver\u00e4nderte: Leonardo da Vinci&#8221; von Walter Isaacson<\/strong><\/h3>\n<p>Diese Biografie beleuchtet das Leben des Universalgenies Leonardo da Vinci, von seiner Neugier bis hin zu seinen bahnbrechenden Erfindungen. Die Vielfalt seiner Erfahrungen wird auf spannende Weise beschrieben.<\/p>\n<p><strong>Amazon-Link:<\/strong> <a href=\"https:\/\/amzn.to\/4i3bYEU\" rel=\"nofollow noopener\" target=\"_blank\">Hier ansehen<\/a><\/p>\n<h3><a href=\"https:\/\/amzn.to\/4kq0gFS\" rel=\"nofollow noopener\" target=\"_blank\"><picture><source srcset=\"https:\/\/meminto.com\/de\/wp-content\/uploads\/sites\/2\/2025\/02\/annefrank-194x300.avif 194w,https:\/\/meminto.com\/de\/wp-content\/uploads\/sites\/2\/2025\/02\/annefrank.avif 323w\" sizes=\"(max-width: 130px) 100vw, 130px\" type=\"image\/avif\"><img src=\"https:\/\/meminto.com\/de\/wp-content\/uploads\/sites\/2\/2025\/02\/annefrank-194x300.jpg\" height=\"201\" width=\"130\" srcset=\"https:\/\/meminto.com\/de\/wp-content\/uploads\/sites\/2\/2025\/02\/annefrank-194x300.jpg 194w, https:\/\/meminto.com\/de\/wp-content\/uploads\/sites\/2\/2025\/02\/annefrank.jpg 323w\" sizes=\"(max-width: 130px) 100vw, 130px\" class=\"alignright wp-image-29035 sp-no-webp\" alt=\"\" loading=\"lazy\" decoding=\"async\"  > <\/picture><\/a>10. <strong>&#8220;Anne Frank: Die Autorisierte Biografie&#8221; von Melissa M\u00fcller<\/strong><\/h3>\n<p>Das Leben von Anne Frank hat die Welt ber\u00fchrt. Diese umfassende Biografie bietet tiefe Einblicke in ihre Kindheit, das Versteck und die Trag\u00f6die, die ihr Leben pr\u00e4gte. Biografien vergr\u00f6\u00dfern hier unser Verst\u00e4ndnis f\u00fcr die Zeitgeschichte.<\/p>\n<p><strong>Amazon-Link:<\/strong> <a href=\"https:\/\/amzn.to\/4kq0gFS\" rel=\"nofollow noopener\" target=\"_blank\">Hier ansehen<\/a><\/p>\n<p><img loading=\"lazy\" decoding=\"async\" class=\"alignnone size-large wp-image-28027\" src=\"https:\/\/meminto.com\/de\/wp-content\/uploads\/sites\/2\/2025\/01\/side-view-woman-reading-book-1024x683.jpg\" alt=\"b\u00fccher biografien\" width=\"1024\" height=\"683\" \/><\/p>\n<h3>11. <strong>&#8220;Richard Branson: Die Autobiografie&#8221; von Richard Branson<\/strong><\/h3>\n<p>Der unkonventionelle Unternehmer und Abenteurer Richard Branson berichtet von seinen Anf\u00e4ngen, den Herausforderungen und seinem Weg zum Erfolg mit der Virgin Group. Seine Memoiren sind inspirierend f\u00fcr alle, die ein eigenes gutes Buch genie\u00dfen m\u00f6chten.<\/p>\n<p><strong>Amazon-Link:<\/strong> <a href=\"https:\/\/amzn.to\/4bwBKiw\" rel=\"nofollow noopener\" target=\"_blank\">Hier ansehen<\/a><\/p>\n<h3>12. <strong>&#8220;Churchill: Der junge Titan&#8221; von Michael Shelden<\/strong><\/h3>\n<p>Diese Biografie zeigt Winston Churchill in seiner Jugend und jungen Erwachsenenzeit. Sie beleuchtet die Einfl\u00fcsse und Erfahrungen, die ihn sp\u00e4ter zu einem der herausragendsten F\u00fchrer machten.<\/p>\n<p><strong>Amazon-Link:<\/strong> <a href=\"https:\/\/amzn.to\/3Db03Wt\" rel=\"nofollow noopener\" target=\"_blank\">Hier ansehen<\/a><\/p>\n<h3>13. <strong>&#8220;Marie Curie und die Kraft der Neugier&#8221; von Susan Quinn<\/strong><\/h3>\n<p>Erfahre mehr \u00fcber die Wissenschaftlerin Marie Curie, die als erste Frau den Nobelpreis gewann. Diese fundierte Biografie zeigt, wie sie trotz Widerst\u00e4nden ihren Weg fand und die Welt der Wissenschaft revolutionierte.<\/p>\n<p><strong>Amazon-Link:<\/strong> <a href=\"https:\/\/amzn.to\/41BYla2\" rel=\"nofollow noopener\" target=\"_blank\">Hier ansehen<\/a><\/p>\n<h3>14. <strong>&#8220;Autobiografie von Malcolm X&#8221; von Alex Haley<\/strong><\/h3>\n<p>Das Buch beschreibt das au\u00dfergew\u00f6hnliche Leben von Malcolm X, einem der m\u00e4chtigsten und bedeutendsten F\u00fchrer der afroamerikanischen B\u00fcrgerrechtsbewegung. Seine ergreifende Geschichte ist ein gutes Beispiel f\u00fcr inspirierende pers\u00f6nlichkeiten.<\/p>\n<p><strong>Amazon-Link:<\/strong> <a href=\"https:\/\/amzn.to\/4boAUnH\" rel=\"nofollow noopener\" target=\"_blank\">Hier ansehen<\/a><\/p>\n<h3>15. Deine eigene Autobiografie! Jetzt mit Meminto<\/h3>\n\t\t<div data-elementor-type=\"container\" data-elementor-id=\"28680\" class=\"elementor elementor-28680\" data-elementor-post-type=\"elementor_library\">\n\t\t\t\t<div class=\"elementor-element elementor-element-2d69cbe7 e-flex e-con-boxed e-con e-parent\" data-id=\"2d69cbe7\" data-element_type=\"container\" data-e-type=\"container\" data-settings=\"{&quot;background_background&quot;:&quot;classic&quot;}\">\n\t\t\t\t\t<div class=\"e-con-inner\">\n\t\t<div class=\"elementor-element elementor-element-26adf399 e-con-full e-flex e-con e-child\" data-id=\"26adf399\" data-element_type=\"container\" data-e-type=\"container\">\n\t\t\t\t<div class=\"elementor-element elementor-element-279d2e61 elementor-widget elementor-widget-image\" data-id=\"279d2e61\" data-element_type=\"widget\" data-e-type=\"widget\" data-widget_type=\"image.default\">\n\t\t\t\t<div class=\"elementor-widget-container\">\n\t\t\t\t\t\t\t\t\t\t\t\t\t\t\t\t<a href=\"https:\/\/meminto.com\/de\/produkt\/lebensbuch\/\">\n\t\t\t\t\t\t\t<img loading=\"lazy\" decoding=\"async\" src=\"https:\/\/meminto.com\/de\/wp-content\/uploads\/sites\/2\/2025\/02\/Christmas-16a.jpg\" height=\"1080\" width=\"1080\" srcset=\"https:\/\/meminto.com\/de\/wp-content\/uploads\/sites\/2\/2025\/02\/Christmas-16a.jpg 1080w, https:\/\/meminto.com\/de\/wp-content\/uploads\/sites\/2\/2025\/02\/Christmas-16a-300x300.jpg 300w, https:\/\/meminto.com\/de\/wp-content\/uploads\/sites\/2\/2025\/02\/Christmas-16a-1024x1024.jpg 1024w, https:\/\/meminto.com\/de\/wp-content\/uploads\/sites\/2\/2025\/02\/Christmas-16a-150x150.jpg 150w, https:\/\/meminto.com\/de\/wp-content\/uploads\/sites\/2\/2025\/02\/Christmas-16a-768x768.jpg 768w, https:\/\/meminto.com\/de\/wp-content\/uploads\/sites\/2\/2025\/02\/Christmas-16a-600x600.jpg 600w, https:\/\/meminto.com\/de\/wp-content\/uploads\/sites\/2\/2025\/02\/Christmas-16a-100x100.jpg 100w, https:\/\/meminto.com\/de\/wp-content\/uploads\/sites\/2\/2025\/02\/Christmas-16a-50x50.jpg 50w\" sizes=\"(max-width: 1080px) 100vw, 1080px\" class=\"attachment-full size-full wp-image-28682 sp-no-webp\" alt=\"\"> \t\t\t\t\t\t\t\t<\/a>\n\t\t\t\t\t\t\t\t\t\t\t\t\t\t\t<\/div>\n\t\t\t\t<\/div>\n\t\t\t\t<\/div>\n\t\t<div class=\"elementor-element elementor-element-c10770c e-con-full e-flex e-con e-child\" data-id=\"c10770c\" data-element_type=\"container\" data-e-type=\"container\">\n\t\t\t\t<div class=\"elementor-element elementor-element-6654f48b elementor-widget elementor-widget-heading\" data-id=\"6654f48b\" data-element_type=\"widget\" data-e-type=\"widget\" data-widget_type=\"heading.default\">\n\t\t\t\t<div class=\"elementor-widget-container\">\n\t\t\t\t\t<h2 class=\"elementor-heading-title elementor-size-default\">Das eigene Buch schreiben<\/h2>\t\t\t\t<\/div>\n\t\t\t\t<\/div>\n\t\t\t\t<div class=\"elementor-element elementor-element-5072797d elementor-widget elementor-widget-text-editor\" data-id=\"5072797d\" data-element_type=\"widget\" data-e-type=\"widget\" data-widget_type=\"text-editor.default\">\n\t\t\t\t<div class=\"elementor-widget-container\">\n\t\t\t\t\t\t\t\t\t<p>In kleinen, einfachen Schritten zum eigenen Buch: So geht&#8217;s:<\/p>\t\t\t\t\t\t\t\t<\/div>\n\t\t\t\t<\/div>\n\t\t\t\t<div class=\"elementor-element elementor-element-4e79db7c elementor-widget elementor-widget-button\" data-id=\"4e79db7c\" data-element_type=\"widget\" data-e-type=\"widget\" data-widget_type=\"button.default\">\n\t\t\t\t<div class=\"elementor-widget-container\">\n\t\t\t\t\t\t\t\t\t<div class=\"elementor-button-wrapper\">\n\t\t\t\t\t<a class=\"elementor-button elementor-button-link elementor-size-sm\" href=\"https:\/\/meminto.com\/de\/produkt\/lebensbuch\/\">\n\t\t\t\t\t\t<span class=\"elementor-button-content-wrapper\">\n\t\t\t\t\t\t\t\t\t<span class=\"elementor-button-text\">Mehr erfahren<\/span>\n\t\t\t\t\t<\/span>\n\t\t\t\t\t<\/a>\n\t\t\t\t<\/div>\n\t\t\t\t\t\t\t\t<\/div>\n\t\t\t\t<\/div>\n\t\t\t\t<\/div>\n\t\t\t\t\t<\/div>\n\t\t\t\t<\/div>\n\t\t\t\t<\/div>\n\t\t\n<h2><strong>Worum geht es in einer Biografie oder Autobiografie?<\/strong><\/h2>\n<p>Biografien beschreiben das bewegte Leben einer Person und konzentrieren sich i.d.R. auf die Ereignisse, die sie pr\u00e4gen. Autobiografien hingegen werden von der betreffenden Person selbst verfasst.<\/p>\n<h2><strong>Was ist der Unterschied zwischen fiktionalen und faktenbasierten Biografien?<\/strong><\/h2>\n<p>Faktenbasierende Biografien st\u00fctzen sich auf echte Ereignisse, w\u00e4hrend fiktionale Biografien Elemente der Fiktion einflie\u00dfen lassen.<\/p>\n<h2>Ein gutes Buch genie\u00dfen und inspirieren lassen<\/h2>\n<p>Biografien vergr\u00f6\u00dfern unser Verst\u00e4ndnis f\u00fcr historische und aktuelle Ereignisse. Ob Memoiren, fiktionale Werke oder spannende Narrative \u2013<a href=\"https:\/\/meminto.com\/de\/blog\/wie-man-ein-buch-schreibt-leitfaden\/\"> jede Biografie bietet eine einzigartige Vielfalt an Gedanken und Emotionen<\/a>. Hol dir dein n\u00e4chstes gutes Buch und lass dich von den Erfahrungen einer Person inspirieren. Viel Spa\u00df beim St\u00f6bern!<\/p>\n","protected":false},"excerpt":{"rendered":"<p>Das Lesen von Biografien erweitert nicht nur den Horizont, sondern kann auch motivieren, den eigenen Weg zu finden und Herausforderungen zu meistern. Sie bieten uns wertvolle Einblicke in verschiedene Lebenssituationen<\/p>\n","protected":false},"author":381,"featured_media":28209,"comment_status":"open","ping_status":"open","sticky":false,"template":"","format":"standard","meta":{"_acf_changed":false,"ocean_post_layout":"","ocean_both_sidebars_style":"","ocean_both_sidebars_content_width":0,"ocean_both_sidebars_sidebars_width":0,"ocean_sidebar":"0","ocean_second_sidebar":"0","ocean_disable_margins":"enable","ocean_add_body_class":"","ocean_shortcode_before_top_bar":"","ocean_shortcode_after_top_bar":"","ocean_shortcode_before_header":"","ocean_shortcode_after_header":"","ocean_has_shortcode":"","ocean_shortcode_after_title":"","ocean_shortcode_before_footer_widgets":"","ocean_shortcode_after_footer_widgets":"","ocean_shortcode_before_footer_bottom":"","ocean_shortcode_after_footer_bottom":"","ocean_display_top_bar":"default","ocean_display_header":"default","ocean_header_style":"","ocean_center_header_left_menu":"0","ocean_custom_header_template":"0","ocean_custom_logo":0,"ocean_custom_retina_logo":0,"ocean_custom_logo_max_width":0,"ocean_custom_logo_tablet_max_width":0,"ocean_custom_logo_mobile_max_width":0,"ocean_custom_logo_max_height":0,"ocean_custom_logo_tablet_max_height":0,"ocean_custom_logo_mobile_max_height":0,"ocean_header_custom_menu":"0","ocean_menu_typo_font_family":"0","ocean_menu_typo_font_subset":"","ocean_menu_typo_font_size":0,"ocean_menu_typo_font_size_tablet":0,"ocean_menu_typo_font_size_mobile":0,"ocean_menu_typo_font_size_unit":"px","ocean_menu_typo_font_weight":"","ocean_menu_typo_font_weight_tablet":"","ocean_menu_typo_font_weight_mobile":"","ocean_menu_typo_transform":"","ocean_menu_typo_transform_tablet":"","ocean_menu_typo_transform_mobile":"","ocean_menu_typo_line_height":0,"ocean_menu_typo_line_height_tablet":0,"ocean_menu_typo_line_height_mobile":0,"ocean_menu_typo_line_height_unit":"","ocean_menu_typo_spacing":0,"ocean_menu_typo_spacing_tablet":0,"ocean_menu_typo_spacing_mobile":0,"ocean_menu_typo_spacing_unit":"","ocean_menu_link_color":"","ocean_menu_link_color_hover":"","ocean_menu_link_color_active":"","ocean_menu_link_background":"","ocean_menu_link_hover_background":"","ocean_menu_link_active_background":"","ocean_menu_social_links_bg":"","ocean_menu_social_hover_links_bg":"","ocean_menu_social_links_color":"","ocean_menu_social_hover_links_color":"","ocean_disable_title":"default","ocean_disable_heading":"default","ocean_post_title":"","ocean_post_subheading":"","ocean_post_title_style":"","ocean_post_title_background_color":"","ocean_post_title_background":0,"ocean_post_title_bg_image_position":"","ocean_post_title_bg_image_attachment":"","ocean_post_title_bg_image_repeat":"","ocean_post_title_bg_image_size":"","ocean_post_title_height":0,"ocean_post_title_bg_overlay":0.5,"ocean_post_title_bg_overlay_color":"","ocean_disable_breadcrumbs":"default","ocean_breadcrumbs_color":"","ocean_breadcrumbs_separator_color":"","ocean_breadcrumbs_links_color":"","ocean_breadcrumbs_links_hover_color":"","ocean_display_footer_widgets":"default","ocean_display_footer_bottom":"default","ocean_custom_footer_template":"0","osp_disable_panel":"default","fifu_image_url":"","fifu_image_alt":"","ocean_post_oembed":"","ocean_post_self_hosted_media":"","ocean_post_video_embed":"","ocean_link_format":"","ocean_link_format_target":"self","ocean_quote_format":"","ocean_quote_format_link":"post","ocean_gallery_link_images":"on","ocean_gallery_id":[],"footnotes":""},"categories":[49],"tags":[257,295,296,293,190],"class_list":["post-28203","post","type-post","status-publish","format-standard","has-post-thumbnail","hentry","category-geschenkideen","tag-autobiographie","tag-biografien","tag-biographien","tag-lebensbuch","tag-lebensgeschichten","entry","has-media","owp-thumbs-layout-horizontal","owp-btn-normal","owp-tabs-layout-horizontal","has-no-thumbnails"],"acf":[],"_links":{"self":[{"href":"https:\/\/meminto.com\/de\/wp-json\/wp\/v2\/posts\/28203","targetHints":{"allow":["GET"]}}],"collection":[{"href":"https:\/\/meminto.com\/de\/wp-json\/wp\/v2\/posts"}],"about":[{"href":"https:\/\/meminto.com\/de\/wp-json\/wp\/v2\/types\/post"}],"author":[{"embeddable":true,"href":"https:\/\/meminto.com\/de\/wp-json\/wp\/v2\/users\/381"}],"replies":[{"embeddable":true,"href":"https:\/\/meminto.com\/de\/wp-json\/wp\/v2\/comments?post=28203"}],"version-history":[{"count":11,"href":"https:\/\/meminto.com\/de\/wp-json\/wp\/v2\/posts\/28203\/revisions"}],"predecessor-version":[{"id":29038,"href":"https:\/\/meminto.com\/de\/wp-json\/wp\/v2\/posts\/28203\/revisions\/29038"}],"wp:featuredmedia":[{"embeddable":true,"href":"https:\/\/meminto.com\/de\/wp-json\/wp\/v2\/media\/28209"}],"wp:attachment":[{"href":"https:\/\/meminto.com\/de\/wp-json\/wp\/v2\/media?parent=28203"}],"wp:term":[{"taxonomy":"category","embeddable":true,"href":"https:\/\/meminto.com\/de\/wp-json\/wp\/v2\/categories?post=28203"},{"taxonomy":"post_tag","embeddable":true,"href":"https:\/\/meminto.com\/de\/wp-json\/wp\/v2\/tags?post=28203"}],"curies":[{"name":"wp","href":"https:\/\/api.w.org\/{rel}","templated":true}]}}