{"id":27762,"date":"2025-03-07T11:50:21","date_gmt":"2025-03-07T10:50:21","guid":{"rendered":"https:\/\/meminto.com\/de\/?p=27762"},"modified":"2026-03-19T17:05:04","modified_gmt":"2026-03-19T16:05:04","slug":"persoenliche-liebevolle-trauersprueche","status":"publish","type":"post","link":"https:\/\/meminto.com\/de\/blog\/persoenliche-liebevolle-trauersprueche\/","title":{"rendered":"Liebevolle Trauerspr\u00fcche: 25+ pers\u00f6nliche Spr\u00fcche f\u00fcr Trauerkarten 2026"},"content":{"rendered":"<p>Der Verlust eines geliebten Menschen geh\u00f6rt zu den schwersten Erfahrungen im Leben. Wenn der Boden wankt, fehlen oft die Worte. Ein kurzer, echter Satz tr\u00e4gt mehr als eine lange Rede. Genau hier k\u00f6nnen pers\u00f6nliche\u00a0 liebevolle Trauerspr\u00fcche Trost spenden und die Gef\u00fchle ausdr\u00fccken, die uns bewegen. Ein einpr\u00e4gsamer Trauerspruch ber\u00fchrt nicht nur das Herz, sondern schenkt auch ein Gef\u00fchl von Verbundenheit und Hoffnung. Dabei k\u00f6nnen sie sowohl f\u00fcr Trauerkarten, Trauerreden oder auch digitale Gedenkseiten genutzt werden, um Hinterbliebenen Trost zu spenden und Erinnerungen zu bewahren.<\/p>\n<div class=\"mem-keytakeaways\">\n<h2>Die wichtigsten Punkte auf einen Blick:<\/h2>\n<ol start=\"1\" data-spread=\"false\">\n<li><strong>Pers\u00f6nliche Botschaften<\/strong>: Trauerspr\u00fcche sollten die Beziehung zum Verstorbenen widerspiegeln.<\/li>\n<li><strong>Einzigartige Erinnerungen<\/strong>: Jede Botschaft wird durch pers\u00f6nliche Erlebnisse lebendiger.<\/li>\n<li><strong>Trost und Hoffnung<\/strong>: Ein guter Spruch schenkt Zuspruch und hilft, den Schmerz zu lindern.<\/li>\n<li><strong>Individuelle Gestaltung<\/strong>: Kombiniere Spr\u00fcche mit Bildern oder Geschichten, um sie noch ber\u00fchrender zu machen.<\/li>\n<\/ol>\n<\/div>\n<h3>Warum sind liebevolle Trauerspr\u00fcche so wichtig?<\/h3>\n<p>Trauerspr\u00fcche helfen, die richtigen Worte zu finden, wenn die eigene Sprache versagt. Sie geben dem Schmerz Raum, dr\u00fccken Anteilnahme aus und <a title=\"Das Erinnerungsbuch: Andenken an besondere Menschen schaffen\" href=\"https:\/\/meminto.com\/de\/themenwahl\/erinnerungsbuch\/\">schaffen eine Br\u00fccke zwischen den trauernden<\/a> Menschen. Besonders bei Meminto Stories, wo Erinnerungen lebendig gehalten werden, tragen einpr\u00e4gsame Spr\u00fcche dazu bei, die Lebensgeschichte eines geliebten Menschen auf w\u00fcrdevolle Weise zu bewahren. Diese Spr\u00fcche k\u00f6nnen nicht nur tr\u00f6stend wirken, sondern auch Hoffnung auf das Weiterleben der Erinnerungen schenken.<\/p>\n<h2>Inspirationen f\u00fcr pers\u00f6nliche liebevolle Trauerspr\u00fcche<\/h2>\n<p><picture><source srcset=\"https:\/\/meminto.com\/de\/wp-content\/uploads\/sites\/2\/2025\/01\/mother-teenage-daughter-having-arguument-1024x616.avif 1024w,https:\/\/meminto.com\/de\/wp-content\/uploads\/sites\/2\/2025\/01\/mother-teenage-daughter-having-arguument-300x181.avif 300w,https:\/\/meminto.com\/de\/wp-content\/uploads\/sites\/2\/2025\/01\/mother-teenage-daughter-having-arguument-768x462.avif 768w,https:\/\/meminto.com\/de\/wp-content\/uploads\/sites\/2\/2025\/01\/mother-teenage-daughter-having-arguument-1536x924.avif 1536w, https:\/\/meminto.com\/de\/wp-content\/uploads\/sites\/2\/2025\/01\/mother-teenage-daughter-having-arguument-2048x1232.jpg 2048w, https:\/\/meminto.com\/de\/wp-content\/uploads\/sites\/2\/2025\/01\/mother-teenage-daughter-having-arguument-60x36.jpg 60w, https:\/\/meminto.com\/de\/wp-content\/uploads\/sites\/2\/2025\/01\/mother-teenage-daughter-having-arguument-110x66.jpg 110w, https:\/\/meminto.com\/de\/wp-content\/uploads\/sites\/2\/2025\/01\/mother-teenage-daughter-having-arguument-600x361.jpg 600w\" sizes=\"(max-width: 1024px) 100vw, 1024px\" type=\"image\/avif\"><img src=\"https:\/\/meminto.com\/de\/wp-content\/uploads\/sites\/2\/2025\/01\/mother-teenage-daughter-having-arguument-1024x616.jpg\" height=\"616\" width=\"1024\" srcset=\"https:\/\/meminto.com\/de\/wp-content\/uploads\/sites\/2\/2025\/01\/mother-teenage-daughter-having-arguument-1024x616.jpg 1024w, https:\/\/meminto.com\/de\/wp-content\/uploads\/sites\/2\/2025\/01\/mother-teenage-daughter-having-arguument-300x181.jpg 300w, https:\/\/meminto.com\/de\/wp-content\/uploads\/sites\/2\/2025\/01\/mother-teenage-daughter-having-arguument-768x462.jpg 768w, https:\/\/meminto.com\/de\/wp-content\/uploads\/sites\/2\/2025\/01\/mother-teenage-daughter-having-arguument-1536x924.jpg 1536w, https:\/\/meminto.com\/de\/wp-content\/uploads\/sites\/2\/2025\/01\/mother-teenage-daughter-having-arguument-2048x1232.jpg 2048w, https:\/\/meminto.com\/de\/wp-content\/uploads\/sites\/2\/2025\/01\/mother-teenage-daughter-having-arguument-60x36.jpg 60w, https:\/\/meminto.com\/de\/wp-content\/uploads\/sites\/2\/2025\/01\/mother-teenage-daughter-having-arguument-110x66.jpg 110w, https:\/\/meminto.com\/de\/wp-content\/uploads\/sites\/2\/2025\/01\/mother-teenage-daughter-having-arguument-600x361.jpg 600w\" sizes=\"(max-width: 1024px) 100vw, 1024px\" class=\"alignnone size-large wp-image-27905 sp-no-webp\" alt=\"liebevolle trauerspr\u00fcche pers\u00f6nlich\" fetchpriority=\"high\" decoding=\"async\"  > <\/picture><\/p>\n<h3>Kurze und pers\u00f6nliche Spr\u00fcche zum Beileid<\/h3>\n<ul data-spread=\"false\">\n<li>&#8220;In unseren Herzen lebst du weiter.&#8221;<\/li>\n<li>&#8220;Deine Liebe bleibt ein Licht in unserer Dunkelheit.&#8221;<\/li>\n<li>&#8220;Das, was uns verbindet, kann der Tod nicht trennen.&#8221;<\/li>\n<li>&#8220;Lass mich schlafen, damit meine Seele Frieden findet.&#8221;<\/li>\n<\/ul>\n<p>Kurze <a title=\"Spr\u00fcche Beileid: 25 Trauerspr\u00fcche die Mut machen\" href=\"https:\/\/meminto.com\/de\/blog\/25-kurze-sprueche-beileid\/\">Trauerspr\u00fcche<\/a> eignen sich besonders f\u00fcr Karten, Grabsteine oder digitale Gedenkseiten. Sie sind leicht zu merken und ber\u00fchren durch ihre Schlichtheit. Besonders bei <a href=\"https:\/\/vergiss-mein-nie.de\/collections\/trauergeschenke?srsltid=AfmBOoqayHdFMbmsd43u8miTUIRgFEPXQrmkZEkKlArDBNmMGXCXYsCw\" rel=\"nofollow noopener\" target=\"_blank\">Trauerkarten<\/a> bieten sie eine M\u00f6glichkeit, auf ein paar wenigen Zeilen Mitgef\u00fchl auszudr\u00fccken.<\/p>\n<h3>Trauergedichte Inspiration: Poetische Trauerspr\u00fcche<\/h3>\n<ul data-spread=\"false\">\n<li>Wenn die Sonne des Lebens untergeht, leuchten die Sterne der <a title=\"Wunderbare Erinnerung an Verstorbene schaffen | Ideen zum Gedenken an Verstorbene\" href=\"https:\/\/meminto.com\/de\/blog\/erinnerung-an-verstorbene-schaffen\/\">Erinnerung.&#8221;<\/a><\/li>\n<li>&#8220;Das Leben endet, aber die Liebe bleibt.&#8221;<\/li>\n<li>&#8220;Was man tief in seinem Herzen besitzt, kann man nicht durch den Tod verlieren.&#8221;<\/li>\n<li>&#8220;Lass mich schlafen und schlie\u00dfe deine Augen, damit die Erinnerung leuchten kann.&#8221;<\/li>\n<li>&#8220;Flog durch die stillen Lande und fand den Frieden, der bleibt.&#8221;<\/li>\n<\/ul>\n<p>Poetische Worte verleihen der Trauer eine besondere Tiefe. Sie bieten Raum f\u00fcr Reflexion und regen dazu an, sich an sch\u00f6ne Momente zu erinnern. Hier k\u00f6nnen auch Zitate von bekannten Pers\u00f6nlichkeiten wie Rainer Maria Rilke inspirieren, der schrieb: &#8220;Wer vergessen wird, ist erl\u00f6st von der Last der Erinnerung.&#8221;<\/p>\n<blockquote><p>\u201eIch bin unglaublich gl\u00fccklich, die Geschichten und Gedichte meines verstorbenen Bruders mit Meminto festzuhalten, bevor sie in Vergessenheit geraten. Meminto\u2019s Support war weltklasse.\u201c<br data-start=\"260\" data-end=\"263\" \/>&#8211; Steven, USA, via <a href=\"https:\/\/meminto.com\/de\/meminto-erfahrungen-von-echten-kunden\/\">meminto.com<\/a><\/p><\/blockquote>\n<h3>Religi\u00f6se Trauerspr\u00fcche die Einf\u00fchlsam sind<\/h3>\n<ul data-spread=\"false\">\n<li>&#8220;Christus spricht: Ich bin das Licht des Lebens.&#8221;<\/li>\n<li>&#8220;In Gottes Hand geborgen, finden wir Frieden.&#8221;<\/li>\n<li>&#8220;Wer mir nachfolgt, wird nicht in der Finsternis wandeln.&#8221;<\/li>\n<li>&#8220;Das Licht der Welt mag erloschen sein, doch das Licht des Lebens bleibt in unseren Herzen.&#8221;<\/li>\n<\/ul>\n<p>F\u00fcr viele Menschen spielt der Glaube eine wichtige Rolle in der Trauer. Religi\u00f6se Spr\u00fcche schenken Hoffnung auf ein Wiedersehen und vermitteln Geborgenheit. Solche Worte k\u00f6nnen vor allem in Trauergedichten oder auch in der Gestaltung einer Trauerkarte eine tr\u00f6stende Wirkung haben.<\/p>\n<h2>Pers\u00f6nliche liebevolle Trauerspr\u00fcche gestalten<\/h2>\n<p>Ein Trauerspruch wird besonders pers\u00f6nlich, wenn er individuell angepasst wird. Hier sind einige Tipps, um einen einzigartigen Spruch zu verfassen:<\/p>\n<ol start=\"1\" data-spread=\"false\">\n<li><strong>Den Charakter des Verstorbenen einbeziehen<\/strong>: Beschreibe besondere Eigenschaften oder Leidenschaften, die die Person ausgezeichnet haben.<\/li>\n<li><strong>Erinnerungen aufgreifen<\/strong>: Erw\u00e4hne gemeinsame Erlebnisse, die eine besondere Bedeutung hatten.<\/li>\n<li><strong>Eigene Worte nutzen<\/strong>: Kombiniere Zitate oder bekannte Spr\u00fcche mit eigenen Gedanken, um eine pers\u00f6nliche Note zu schaffen.<\/li>\n<\/ol>\n<h2>Trauerspr\u00fcche f\u00fcr unterschiedliche Anl\u00e4sse<\/h2>\n<h3>F\u00fcr die Trauerkarte<\/h3>\n<p>Eine Trauerkarte bietet die Gelegenheit, Mitgef\u00fchl auszudr\u00fccken und den Hinterbliebenen Trost zu spenden. Hier einige Vorschl\u00e4ge:<\/p>\n<ul data-spread=\"false\">\n<li>&#8220;In stiller Anteilnahme m\u00f6chten wir unsere Gedanken mit euch teilen.&#8221;<\/li>\n<li>&#8220;M\u00f6ge die Erinnerung an die sch\u00f6nen Momente euch Kraft geben.&#8221;<\/li>\n<li>&#8220;Unser Herz ist bei euch in dieser schweren Zeit.&#8221;<\/li>\n<li>&#8220;Trauer h\u00f6rt niemals auf, sie ist ein Teil unseres Lebens.&#8221;<\/li>\n<li>&#8220;Niemals aber die gemeinsam verbrachte Zeit wird vergessen.&#8221;<\/li>\n<li>&#8220;Du hast die Welt mit deinem Lachen erhellt. In unseren Erinnerungen wirst du immer der Sonnenschein bleiben.&#8221;<\/li>\n<li>&#8220;Allein die Liebe erh\u00e4lt das, was der Tod nicht nehmen kann.&#8221;<\/li>\n<li>&#8220;Liebe ist st\u00e4rker als der Schrecken des Todes.&#8221;<\/li>\n<\/ul>\n\t\t<div data-elementor-type=\"container\" data-elementor-id=\"28512\" class=\"elementor elementor-28512\" data-elementor-post-type=\"elementor_library\">\n\t\t\t\t<div class=\"elementor-element elementor-element-2d69cbe7 e-flex e-con-boxed e-con e-parent\" data-id=\"2d69cbe7\" data-element_type=\"container\" data-e-type=\"container\" data-settings=\"{&quot;background_background&quot;:&quot;classic&quot;}\">\n\t\t\t\t\t<div class=\"e-con-inner\">\n\t\t<div class=\"elementor-element elementor-element-26adf399 e-con-full e-flex e-con e-child\" data-id=\"26adf399\" data-element_type=\"container\" data-e-type=\"container\">\n\t\t\t\t<div class=\"elementor-element elementor-element-279d2e61 elementor-widget elementor-widget-image\" data-id=\"279d2e61\" data-element_type=\"widget\" data-e-type=\"widget\" data-widget_type=\"image.default\">\n\t\t\t\t<div class=\"elementor-widget-container\">\n\t\t\t\t\t\t\t\t\t\t\t\t\t\t\t\t<a href=\"https:\/\/meminto.com\/de\/produkt\/beziehungsbuch\/\">\n\t\t\t\t\t\t\t<img decoding=\"async\" src=\"https:\/\/meminto.com\/de\/wp-content\/uploads\/sites\/2\/2025\/02\/EN-Ads-11-1-1024x1024.png\" height=\"1024\" width=\"1024\" srcset=\"https:\/\/meminto.com\/de\/wp-content\/uploads\/sites\/2\/2025\/02\/EN-Ads-11-1-1024x1024.png 1024w, https:\/\/meminto.com\/de\/wp-content\/uploads\/sites\/2\/2025\/02\/EN-Ads-11-1-300x300.png 300w, https:\/\/meminto.com\/de\/wp-content\/uploads\/sites\/2\/2025\/02\/EN-Ads-11-1-150x150.png 150w, https:\/\/meminto.com\/de\/wp-content\/uploads\/sites\/2\/2025\/02\/EN-Ads-11-1-768x768.png 768w, https:\/\/meminto.com\/de\/wp-content\/uploads\/sites\/2\/2025\/02\/EN-Ads-11-1-600x600.png 600w, https:\/\/meminto.com\/de\/wp-content\/uploads\/sites\/2\/2025\/02\/EN-Ads-11-1-400x400.png 400w, https:\/\/meminto.com\/de\/wp-content\/uploads\/sites\/2\/2025\/02\/EN-Ads-11-1-100x100.png 100w, https:\/\/meminto.com\/de\/wp-content\/uploads\/sites\/2\/2025\/02\/EN-Ads-11-1-50x50.png 50w, https:\/\/meminto.com\/de\/wp-content\/uploads\/sites\/2\/2025\/02\/EN-Ads-11-1.png 1080w\" sizes=\"(max-width: 1024px) 100vw, 1024px\" class=\"attachment-large size-large wp-image-28514 sp-no-webp\" alt=\"\"> \t\t\t\t\t\t\t\t<\/a>\n\t\t\t\t\t\t\t\t\t\t\t\t\t\t\t<\/div>\n\t\t\t\t<\/div>\n\t\t\t\t<\/div>\n\t\t<div class=\"elementor-element elementor-element-c10770c e-con-full e-flex e-con e-child\" data-id=\"c10770c\" data-element_type=\"container\" data-e-type=\"container\">\n\t\t\t\t<div class=\"elementor-element elementor-element-6654f48b elementor-widget elementor-widget-heading\" data-id=\"6654f48b\" data-element_type=\"widget\" data-e-type=\"widget\" data-widget_type=\"heading.default\">\n\t\t\t\t<div class=\"elementor-widget-container\">\n\t\t\t\t\t<h2 class=\"elementor-heading-title elementor-size-default\">Das Gedenkbuch.<\/h2>\t\t\t\t<\/div>\n\t\t\t\t<\/div>\n\t\t\t\t<div class=\"elementor-element elementor-element-5072797d elementor-widget elementor-widget-text-editor\" data-id=\"5072797d\" data-element_type=\"widget\" data-e-type=\"widget\" data-widget_type=\"text-editor.default\">\n\t\t\t\t<div class=\"elementor-widget-container\">\n\t\t\t\t\t\t\t\t\t<p>Geschichten und Erinnerungen geliebter Menschen, die von uns gegangen sind&#8230;<\/p><p>Ein Buch, das durch den Trauerprozess begleitet und wirklich hilft.<\/p>\t\t\t\t\t\t\t\t<\/div>\n\t\t\t\t<\/div>\n\t\t\t\t<div class=\"elementor-element elementor-element-4e79db7c elementor-widget elementor-widget-button\" data-id=\"4e79db7c\" data-element_type=\"widget\" data-e-type=\"widget\" data-widget_type=\"button.default\">\n\t\t\t\t<div class=\"elementor-widget-container\">\n\t\t\t\t\t\t\t\t\t<div class=\"elementor-button-wrapper\">\n\t\t\t\t\t<a class=\"elementor-button elementor-button-link elementor-size-sm\" href=\"https:\/\/meminto.com\/de\/produkt\/erinnerungsbuch-express\/\">\n\t\t\t\t\t\t<span class=\"elementor-button-content-wrapper\">\n\t\t\t\t\t\t\t\t\t<span class=\"elementor-button-text\">Mehr erfahren<\/span>\n\t\t\t\t\t<\/span>\n\t\t\t\t\t<\/a>\n\t\t\t\t<\/div>\n\t\t\t\t\t\t\t\t<\/div>\n\t\t\t\t<\/div>\n\t\t\t\t<\/div>\n\t\t\t\t\t<\/div>\n\t\t\t\t<\/div>\n\t\t\t\t<\/div>\n\t\t\n<p>F\u00fcr die Trauerrede<\/p>\n<p>Eine Trauerrede ist eine pers\u00f6nliche M\u00f6glichkeit, das Leben des Verstorbenen zu w\u00fcrdigen. Nutze Trauerspr\u00fcche, um die Rede einzuleiten oder abzurunden.<\/p>\n<ul data-spread=\"false\">\n<li>&#8220;Ein Mensch, der uns verl\u00e4sst, bleibt in unseren Herzen lebendig.&#8221;<\/li>\n<li>&#8220;Die Spuren deines Lebens sind unausl\u00f6schlich.&#8221;<\/li>\n<li>&#8220;Deine W\u00e4rme bleibt, auch wenn dein Platz leer ist.&#8221;<\/li>\n<\/ul>\n<p>Eine Trauerrede kann durch Zitate bekannter Pers\u00f6nlichkeiten bereichert werden, wie etwa: &#8220;Allein die Liebe erh\u00e4lt, was ewig ist.&#8221;<\/p>\n<h3>F\u00fcr digitale Gedenkseiten<\/h3>\n<p>Digitale Plattformen wie Meminto Stories bieten Raum f\u00fcr Erinnerungen. Hier k\u00f6nnen Spr\u00fcche mit Fotos, Videos oder Geschichten kombiniert werden, um eine w\u00fcrdevolle Erinnerung zu schaffen.<\/p>\n<ul data-spread=\"false\">\n<li>&#8220;Deine Geschichte bleibt f\u00fcr immer in unseren Herzen bewahrt.&#8221;<\/li>\n<li>&#8220;Auch wenn du nicht mehr hier bist, begleitet uns deine Liebe jeden Tag.&#8221;<\/li>\n<li>&#8220;Lass mich schlafen, damit meine Seele durch die stillen Lande fliegt.&#8221;<\/li>\n<\/ul>\n<p><picture><source srcset=\"https:\/\/meminto.com\/de\/wp-content\/uploads\/sites\/2\/2025\/01\/grieving-together-1024x683.avif 1024w,https:\/\/meminto.com\/de\/wp-content\/uploads\/sites\/2\/2025\/01\/grieving-together-300x200.avif 300w,https:\/\/meminto.com\/de\/wp-content\/uploads\/sites\/2\/2025\/01\/grieving-together-768x512.avif 768w,https:\/\/meminto.com\/de\/wp-content\/uploads\/sites\/2\/2025\/01\/grieving-together-1536x1024.avif 1536w, https:\/\/meminto.com\/de\/wp-content\/uploads\/sites\/2\/2025\/01\/grieving-together-2048x1365.jpg 2048w, https:\/\/meminto.com\/de\/wp-content\/uploads\/sites\/2\/2025\/01\/grieving-together-60x40.jpg 60w, https:\/\/meminto.com\/de\/wp-content\/uploads\/sites\/2\/2025\/01\/grieving-together-110x73.jpg 110w, https:\/\/meminto.com\/de\/wp-content\/uploads\/sites\/2\/2025\/01\/grieving-together-600x400.jpg 600w\" sizes=\"(max-width: 1024px) 100vw, 1024px\" type=\"image\/avif\"><img src=\"https:\/\/meminto.com\/de\/wp-content\/uploads\/sites\/2\/2025\/01\/grieving-together-1024x683.jpg\" height=\"683\" width=\"1024\" srcset=\"https:\/\/meminto.com\/de\/wp-content\/uploads\/sites\/2\/2025\/01\/grieving-together-1024x683.jpg 1024w, https:\/\/meminto.com\/de\/wp-content\/uploads\/sites\/2\/2025\/01\/grieving-together-300x200.jpg 300w, https:\/\/meminto.com\/de\/wp-content\/uploads\/sites\/2\/2025\/01\/grieving-together-768x512.jpg 768w, https:\/\/meminto.com\/de\/wp-content\/uploads\/sites\/2\/2025\/01\/grieving-together-1536x1024.jpg 1536w, https:\/\/meminto.com\/de\/wp-content\/uploads\/sites\/2\/2025\/01\/grieving-together-2048x1365.jpg 2048w, https:\/\/meminto.com\/de\/wp-content\/uploads\/sites\/2\/2025\/01\/grieving-together-60x40.jpg 60w, https:\/\/meminto.com\/de\/wp-content\/uploads\/sites\/2\/2025\/01\/grieving-together-110x73.jpg 110w, https:\/\/meminto.com\/de\/wp-content\/uploads\/sites\/2\/2025\/01\/grieving-together-600x400.jpg 600w\" sizes=\"(max-width: 1024px) 100vw, 1024px\" class=\"alignnone wp-image-27906 size-large sp-no-webp\" alt=\"Pers\u00f6nliche liebevolle Trauerspr\u00fcche\" decoding=\"async\"  > <\/picture><\/p>\n<h2>Wie pers\u00f6nliche liebevolle Trauerspr\u00fcche Hoffnung spenden<\/h2>\n<p>Trauerspr\u00fcche k\u00f6nnen nicht nur Trost, sondern auch Hoffnung schenken. Sie erinnern uns daran, dass der Schmerz irgendwann leichter wird und die Erinnerungen f\u00fcr immer bleiben. Besonders ermutigend sind Worte, die die positive Wirkung des Verstorbenen auf die Hinterbliebenen hervorheben.<\/p>\n<ul data-spread=\"false\">\n<li>&#8220;Das Leben ist verg\u00e4nglich, doch die Liebe unendlich.&#8221;<\/li>\n<li>&#8220;Im Abschied liegt der Keim eines neuen Anfangs.&#8221;<\/li>\n<li>&#8220;Allein die Liebe erh\u00e4lt, was ewig ist.&#8221;<\/li>\n<li>&#8220;Das Licht der Welt mag erloschen sein, doch das Licht des Lebens bleibt in unseren Herzen.&#8221;<\/li>\n<li>&#8220;Wer vergessen wird, ist erl\u00f6st von der Last der Erinnerung.&#8221;<\/li>\n<\/ul>\n<h2>Die Bedeutung von Meminto Stories in der Trauerarbeit<\/h2>\n<p>Meminto Stories bietet eine einzigartige M\u00f6glichkeit, Erinnerungen lebendig zu halten. Durch die Kombination aus pers\u00f6nlichen Geschichten, Fotos und Trauerspr\u00fcchen entsteht ein w\u00fcrdevolles Andenken. Mit liebevollen Details und individuellen Inhalten wird die Lebensgeschichte des Verstorbenen f\u00fcr kommende Generationen bewahrt. Dies ist besonders wichtig f\u00fcr die Hinterbliebenen, da sie einen Ort finden, an dem sie ihre Gef\u00fchle und Erinnerungen teilen k\u00f6nnen.<\/p>\n\t\t<div data-elementor-type=\"container\" data-elementor-id=\"28520\" class=\"elementor elementor-28520\" data-elementor-post-type=\"elementor_library\">\n\t\t\t\t<div class=\"elementor-element elementor-element-2d69cbe7 e-flex e-con-boxed e-con e-parent\" data-id=\"2d69cbe7\" data-element_type=\"container\" data-e-type=\"container\" data-settings=\"{&quot;background_background&quot;:&quot;classic&quot;}\">\n\t\t\t\t\t<div class=\"e-con-inner\">\n\t\t<div class=\"elementor-element elementor-element-26adf399 e-con-full e-flex e-con e-child\" data-id=\"26adf399\" data-element_type=\"container\" data-e-type=\"container\">\n\t\t\t\t<div class=\"elementor-element elementor-element-279d2e61 elementor-widget elementor-widget-image\" data-id=\"279d2e61\" data-element_type=\"widget\" data-e-type=\"widget\" data-widget_type=\"image.default\">\n\t\t\t\t<div class=\"elementor-widget-container\">\n\t\t\t\t\t\t\t\t\t\t\t\t\t\t\t\t<a href=\"https:\/\/meminto.com\/de\/produkt\/beziehungsbuch\/\">\n\t\t\t\t\t\t\t<img loading=\"lazy\" decoding=\"async\" src=\"https:\/\/meminto.com\/de\/wp-content\/uploads\/sites\/2\/2025\/02\/EN-Ads-11-6-1-1024x1024.png\" height=\"1024\" width=\"1024\" srcset=\"https:\/\/meminto.com\/de\/wp-content\/uploads\/sites\/2\/2025\/02\/EN-Ads-11-6-1-1024x1024.png 1024w, https:\/\/meminto.com\/de\/wp-content\/uploads\/sites\/2\/2025\/02\/EN-Ads-11-6-1-300x300.png 300w, https:\/\/meminto.com\/de\/wp-content\/uploads\/sites\/2\/2025\/02\/EN-Ads-11-6-1-150x150.png 150w, https:\/\/meminto.com\/de\/wp-content\/uploads\/sites\/2\/2025\/02\/EN-Ads-11-6-1-768x768.png 768w, https:\/\/meminto.com\/de\/wp-content\/uploads\/sites\/2\/2025\/02\/EN-Ads-11-6-1-600x600.png 600w, https:\/\/meminto.com\/de\/wp-content\/uploads\/sites\/2\/2025\/02\/EN-Ads-11-6-1-400x400.png 400w, https:\/\/meminto.com\/de\/wp-content\/uploads\/sites\/2\/2025\/02\/EN-Ads-11-6-1-100x100.png 100w, https:\/\/meminto.com\/de\/wp-content\/uploads\/sites\/2\/2025\/02\/EN-Ads-11-6-1-50x50.png 50w, https:\/\/meminto.com\/de\/wp-content\/uploads\/sites\/2\/2025\/02\/EN-Ads-11-6-1.png 1080w\" sizes=\"(max-width: 1024px) 100vw, 1024px\" class=\"attachment-large size-large wp-image-28530 sp-no-webp\" alt=\"\"> \t\t\t\t\t\t\t\t<\/a>\n\t\t\t\t\t\t\t\t\t\t\t\t\t\t\t<\/div>\n\t\t\t\t<\/div>\n\t\t\t\t<\/div>\n\t\t<div class=\"elementor-element elementor-element-c10770c e-con-full e-flex e-con e-child\" data-id=\"c10770c\" data-element_type=\"container\" data-e-type=\"container\">\n\t\t\t\t<div class=\"elementor-element elementor-element-6654f48b elementor-widget elementor-widget-heading\" data-id=\"6654f48b\" data-element_type=\"widget\" data-e-type=\"widget\" data-widget_type=\"heading.default\">\n\t\t\t\t<div class=\"elementor-widget-container\">\n\t\t\t\t\t<h2 class=\"elementor-heading-title elementor-size-default\">Das Gedenkbuch.<\/h2>\t\t\t\t<\/div>\n\t\t\t\t<\/div>\n\t\t\t\t<div class=\"elementor-element elementor-element-5072797d elementor-widget elementor-widget-text-editor\" data-id=\"5072797d\" data-element_type=\"widget\" data-e-type=\"widget\" data-widget_type=\"text-editor.default\">\n\t\t\t\t<div class=\"elementor-widget-container\">\n\t\t\t\t\t\t\t\t\t<p>Geschichten und Erinnerungen geliebter Menschen, die von uns gegangen sind&#8230;<\/p><p>Ein Buch, das durch den Trauerprozess begleitet und wirklich hilft.<\/p>\t\t\t\t\t\t\t\t<\/div>\n\t\t\t\t<\/div>\n\t\t\t\t<div class=\"elementor-element elementor-element-4e79db7c elementor-widget elementor-widget-button\" data-id=\"4e79db7c\" data-element_type=\"widget\" data-e-type=\"widget\" data-widget_type=\"button.default\">\n\t\t\t\t<div class=\"elementor-widget-container\">\n\t\t\t\t\t\t\t\t\t<div class=\"elementor-button-wrapper\">\n\t\t\t\t\t<a class=\"elementor-button elementor-button-link elementor-size-sm\" href=\"https:\/\/meminto.com\/de\/produkt\/erinnerungsbuch-express\/\">\n\t\t\t\t\t\t<span class=\"elementor-button-content-wrapper\">\n\t\t\t\t\t\t\t\t\t<span class=\"elementor-button-text\">Mehr erfahren<\/span>\n\t\t\t\t\t<\/span>\n\t\t\t\t\t<\/a>\n\t\t\t\t<\/div>\n\t\t\t\t\t\t\t\t<\/div>\n\t\t\t\t<\/div>\n\t\t\t\t<\/div>\n\t\t\t\t\t<\/div>\n\t\t\t\t<\/div>\n\t\t\t\t<\/div>\n\t\t\n<p><strong>Tipps zur Umsetzung mit Meminto Stories:<\/strong><\/p>\n<ul data-spread=\"false\">\n<li>W\u00e4hle Spr\u00fcche, die die Pers\u00f6nlichkeit des Verstorbenen widerspiegeln.<\/li>\n<li>Erg\u00e4nze diese mit Fotos und Anekdoten, um die Botschaft zu verst\u00e4rken.<\/li>\n<li>Teile die Gedenkseite mit Familie und Freunden, um gemeinsam Erinnerungen zu teilen.<\/li>\n<\/ul>\n<blockquote><p>\u201eWir hatten so viel Spa\u00df beim Erstellen unseres Meminto-Buchs \u2013 es hat so viele Geschichten, Lacher und l\u00e4ngst vergessene Erinnerungen zur\u00fcckgebracht, von unserem ersten Date bis zur Hochzeit. Es mit unseren Kindern zu teilen, war unbezahlbar.\u201c<br data-start=\"260\" data-end=\"263\" \/>&#8211; Die Familie Pilling, Gro\u00dfbritannien, via <a href=\"https:\/\/meminto.com\/de\/meminto-erfahrungen-von-echten-kunden\/\">meminto.com<\/a><\/p><\/blockquote>\n<p>&nbsp;<\/p>\n<h2>Fazit zu pers\u00f6nlichen liebevollen Trauerspr\u00fcchen<\/h2>\n<p>Liebevolle Trauerspr\u00fcche pers\u00f6nlich zu gestalten, ist eine besondere Art, Abschied zu nehmen und Trost zu spenden. Sie sind mehr als nur Worte. Sie sind Br\u00fccken zwischen den Herzen und Erinnerungen, die bleiben. Mit Plattformen wie <a href=\"https:\/\/meminto.com\/de\/buch-schreiben-mit-spracherkennung\/\">Meminto<\/a> Stories lassen sich diese wertvollen Botschaften bewahren und in w\u00fcrdevolle Erinnerungen verwandeln. Legt eine private Gedenkseite an und entscheidet in Ruhe, was sichtbar sein soll. Denn obwohl der Verlust schmerzt, geben uns die gemeinsamen Erinnerungen die Kraft, weiterzugehen. Wie Rainer Maria Rilke sagte: &#8220;Allein die Liebe erh\u00e4lt, was ewig ist.&#8221;<\/p>\n\t\t<div data-elementor-type=\"container\" data-elementor-id=\"28264\" class=\"elementor elementor-28264\" data-elementor-post-type=\"elementor_library\">\n\t\t\t\t<div class=\"elementor-element elementor-element-c7d5bd4 e-flex e-con-boxed e-con e-parent\" data-id=\"c7d5bd4\" data-element_type=\"container\" data-e-type=\"container\" data-settings=\"{&quot;background_background&quot;:&quot;classic&quot;}\">\n\t\t\t\t\t<div class=\"e-con-inner\">\n\t\t\t\t<div class=\"elementor-element elementor-element-103dedb elementor-widget elementor-widget-heading\" data-id=\"103dedb\" data-element_type=\"widget\" data-e-type=\"widget\" data-widget_type=\"heading.default\">\n\t\t\t\t<div class=\"elementor-widget-container\">\n\t\t\t\t\t<h4 class=\"elementor-heading-title elementor-size-default\">Erhalte 10 \u20ac Rabatt auf dein erstes Meminto-Buchprojekt \ud83d\udcd6<\/h4>\t\t\t\t<\/div>\n\t\t\t\t<\/div>\n\t\t\t\t<div class=\"elementor-element elementor-element-960e1a8 elementor-widget elementor-widget-heading\" data-id=\"960e1a8\" data-element_type=\"widget\" data-e-type=\"widget\" data-widget_type=\"heading.default\">\n\t\t\t\t<div class=\"elementor-widget-container\">\n\t\t\t\t\t<p class=\"elementor-heading-title elementor-size-default\">Wir sch\u00e4tzen es, dass du diesen Artikel gelesen hast. Als Zeichen unserer Dankbarkeit m\u00f6chten wir dir einen speziellen Rabatt von 10 Euro auf dein erstes Buch bei Meminto anbieten! \u263a\ufe0f<\/p>\t\t\t\t<\/div>\n\t\t\t\t<\/div>\n\t\t\t\t<div class=\"elementor-element elementor-element-69fa704 elementor-button-align-start elementor-mobile-button-align-center elementor-widget elementor-widget-form\" data-id=\"69fa704\" data-element_type=\"widget\" data-e-type=\"widget\" data-settings=\"{&quot;step_next_label&quot;:&quot;N\\u00e4chster&quot;,&quot;step_previous_label&quot;:&quot;Voriger&quot;,&quot;button_width&quot;:&quot;40&quot;,&quot;step_type&quot;:&quot;number_text&quot;,&quot;step_icon_shape&quot;:&quot;circle&quot;}\" data-widget_type=\"form.default\">\n\t\t\t\t<div class=\"elementor-widget-container\">\n\t\t\t\t\t\t\t<form class=\"elementor-form\" method=\"post\" name=\"Neues Formular\" aria-label=\"Neues Formular\">\n\t\t\t<input type=\"hidden\" name=\"post_id\" value=\"28264\"\/>\n\t\t\t<input type=\"hidden\" name=\"form_id\" value=\"69fa704\"\/>\n\t\t\t<input type=\"hidden\" name=\"referer_title\" value=\"25 lustige Zitate und Spr\u00fcche Rente | Pfiffiger Spruch zum Ruhestand\" \/>\n\n\t\t\t\t\t\t\t<input type=\"hidden\" name=\"queried_id\" value=\"27511\"\/>\n\t\t\t\n\t\t\t<div class=\"elementor-form-fields-wrapper elementor-labels-\">\n\t\t\t\t\t\t\t\t<div class=\"elementor-field-type-text elementor-field-group elementor-column elementor-field-group-name elementor-col-50\">\n\t\t\t\t\t\t\t\t\t\t\t\t<label for=\"form-field-name\" class=\"elementor-field-label elementor-screen-only\">\n\t\t\t\t\t\t\t\tVorname\t\t\t\t\t\t\t<\/label>\n\t\t\t\t\t\t\t\t\t\t\t\t\t\t<input size=\"1\" type=\"text\" name=\"form_fields[name]\" id=\"form-field-name\" class=\"elementor-field elementor-size-sm  elementor-field-textual\" placeholder=\"Vorname\">\n\t\t\t\t\t\t\t\t\t\t\t<\/div>\n\t\t\t\t\t\t\t\t<div class=\"elementor-field-type-text elementor-field-group elementor-column elementor-field-group-lastname elementor-col-50\">\n\t\t\t\t\t\t\t\t\t\t\t\t<label for=\"form-field-lastname\" class=\"elementor-field-label elementor-screen-only\">\n\t\t\t\t\t\t\t\tNachname\t\t\t\t\t\t\t<\/label>\n\t\t\t\t\t\t\t\t\t\t\t\t\t\t<input size=\"1\" type=\"text\" name=\"form_fields[lastname]\" id=\"form-field-lastname\" class=\"elementor-field elementor-size-sm  elementor-field-textual\" placeholder=\"Nachname\">\n\t\t\t\t\t\t\t\t\t\t\t<\/div>\n\t\t\t\t\t\t\t\t<div class=\"elementor-field-type-email elementor-field-group elementor-column elementor-field-group-email elementor-col-60 elementor-field-required\">\n\t\t\t\t\t\t\t\t\t\t\t\t<label for=\"form-field-email\" class=\"elementor-field-label elementor-screen-only\">\n\t\t\t\t\t\t\t\tE-Mail\t\t\t\t\t\t\t<\/label>\n\t\t\t\t\t\t\t\t\t\t\t\t\t\t<input size=\"1\" type=\"email\" name=\"form_fields[email]\" id=\"form-field-email\" class=\"elementor-field elementor-size-sm  elementor-field-textual\" placeholder=\"E-Mail (Pfichtfeld)\" required=\"required\">\n\t\t\t\t\t\t\t\t\t\t\t<\/div>\n\t\t\t\t\t\t\t\t<div class=\"elementor-field-type-hidden elementor-field-group elementor-column elementor-field-group-Double_opt_in elementor-col-100\">\n\t\t\t\t\t\t\t\t\t\t\t\t\t<input size=\"1\" type=\"hidden\" name=\"form_fields[Double_opt_in]\" id=\"form-field-Double_opt_in\" class=\"elementor-field elementor-size-sm  elementor-field-textual\" value=\"1\">\n\t\t\t\t\t\t\t\t\t\t\t<\/div>\n\t\t\t\t\t\t\t\t<div class=\"elementor-field-type-hidden elementor-field-group elementor-column elementor-field-group-discount_subscription elementor-col-100\">\n\t\t\t\t\t\t\t\t\t\t\t\t\t<input size=\"1\" type=\"hidden\" name=\"form_fields[discount_subscription]\" id=\"form-field-discount_subscription\" class=\"elementor-field elementor-size-sm  elementor-field-textual\" value=\"1\">\n\t\t\t\t\t\t\t\t\t\t\t<\/div>\n\t\t\t\t\t\t\t\t<div class=\"elementor-field-group elementor-column elementor-field-type-submit elementor-col-40 e-form__buttons\">\n\t\t\t\t\t<button class=\"elementor-button elementor-size-sm\" type=\"submit\">\n\t\t\t\t\t\t<span class=\"elementor-button-content-wrapper\">\n\t\t\t\t\t\t\t\t\t\t\t\t\t\t\t\t\t\t\t\t\t\t<span class=\"elementor-button-text\">Rabatt anfordern<\/span>\n\t\t\t\t\t\t\t\t\t\t\t\t\t<\/span>\n\t\t\t\t\t<\/button>\n\t\t\t\t<\/div>\n\t\t\t<\/div>\n\t\t<\/form>\n\t\t\t\t\t\t<\/div>\n\t\t\t\t<\/div>\n\t\t\t\t\t<\/div>\n\t\t\t\t<\/div>\n\t\t\t\t<\/div>\n\t\t\n","protected":false},"excerpt":{"rendered":"<p>Ein einpr\u00e4gsamer Trauerspruch ber\u00fchrt nicht nur das Herz, sondern schenkt auch ein Gef\u00fchl von Verbundenheit und Hoffnung. Dabei k\u00f6nnen sie sowohl f\u00fcr Trauerkarten, Trauerreden oder auch digitale Gedenkseiten genutzt werden, um Hinterbliebenen Trost zu spenden und Erinnerungen zu bewahren.<\/p>\n","protected":false},"author":1,"featured_media":27904,"comment_status":"open","ping_status":"open","sticky":false,"template":"","format":"standard","meta":{"_acf_changed":false,"ocean_post_layout":"","ocean_both_sidebars_style":"","ocean_both_sidebars_content_width":0,"ocean_both_sidebars_sidebars_width":0,"ocean_sidebar":"0","ocean_second_sidebar":"0","ocean_disable_margins":"enable","ocean_add_body_class":"","ocean_shortcode_before_top_bar":"","ocean_shortcode_after_top_bar":"","ocean_shortcode_before_header":"","ocean_shortcode_after_header":"","ocean_has_shortcode":"","ocean_shortcode_after_title":"","ocean_shortcode_before_footer_widgets":"","ocean_shortcode_after_footer_widgets":"","ocean_shortcode_before_footer_bottom":"","ocean_shortcode_after_footer_bottom":"","ocean_display_top_bar":"default","ocean_display_header":"default","ocean_header_style":"","ocean_center_header_left_menu":"0","ocean_custom_header_template":"0","ocean_custom_logo":0,"ocean_custom_retina_logo":0,"ocean_custom_logo_max_width":0,"ocean_custom_logo_tablet_max_width":0,"ocean_custom_logo_mobile_max_width":0,"ocean_custom_logo_max_height":0,"ocean_custom_logo_tablet_max_height":0,"ocean_custom_logo_mobile_max_height":0,"ocean_header_custom_menu":"0","ocean_menu_typo_font_family":"0","ocean_menu_typo_font_subset":"","ocean_menu_typo_font_size":0,"ocean_menu_typo_font_size_tablet":0,"ocean_menu_typo_font_size_mobile":0,"ocean_menu_typo_font_size_unit":"px","ocean_menu_typo_font_weight":"","ocean_menu_typo_font_weight_tablet":"","ocean_menu_typo_font_weight_mobile":"","ocean_menu_typo_transform":"","ocean_menu_typo_transform_tablet":"","ocean_menu_typo_transform_mobile":"","ocean_menu_typo_line_height":0,"ocean_menu_typo_line_height_tablet":0,"ocean_menu_typo_line_height_mobile":0,"ocean_menu_typo_line_height_unit":"","ocean_menu_typo_spacing":0,"ocean_menu_typo_spacing_tablet":0,"ocean_menu_typo_spacing_mobile":0,"ocean_menu_typo_spacing_unit":"","ocean_menu_link_color":"","ocean_menu_link_color_hover":"","ocean_menu_link_color_active":"","ocean_menu_link_background":"","ocean_menu_link_hover_background":"","ocean_menu_link_active_background":"","ocean_menu_social_links_bg":"","ocean_menu_social_hover_links_bg":"","ocean_menu_social_links_color":"","ocean_menu_social_hover_links_color":"","ocean_disable_title":"default","ocean_disable_heading":"default","ocean_post_title":"","ocean_post_subheading":"","ocean_post_title_style":"","ocean_post_title_background_color":"","ocean_post_title_background":0,"ocean_post_title_bg_image_position":"","ocean_post_title_bg_image_attachment":"","ocean_post_title_bg_image_repeat":"","ocean_post_title_bg_image_size":"","ocean_post_title_height":0,"ocean_post_title_bg_overlay":0.5,"ocean_post_title_bg_overlay_color":"","ocean_disable_breadcrumbs":"default","ocean_breadcrumbs_color":"","ocean_breadcrumbs_separator_color":"","ocean_breadcrumbs_links_color":"","ocean_breadcrumbs_links_hover_color":"","ocean_display_footer_widgets":"default","ocean_display_footer_bottom":"default","ocean_custom_footer_template":"0","osp_disable_panel":"default","fifu_image_url":"","fifu_image_alt":"","ocean_post_oembed":"","ocean_post_self_hosted_media":"","ocean_post_video_embed":"","ocean_link_format":"","ocean_link_format_target":"self","ocean_quote_format":"","ocean_quote_format_link":"post","ocean_gallery_link_images":"on","ocean_gallery_id":[],"footnotes":""},"categories":[229],"tags":[274,235,206,275,276],"class_list":["post-27762","post","type-post","status-publish","format-standard","has-post-thumbnail","hentry","category-zitate-fuers-leben","tag-beileid","tag-tot","tag-trauer","tag-trauerkarten","tag-trauersprueche","entry","has-media","owp-thumbs-layout-horizontal","owp-btn-normal","owp-tabs-layout-horizontal","has-no-thumbnails"],"acf":[],"_links":{"self":[{"href":"https:\/\/meminto.com\/de\/wp-json\/wp\/v2\/posts\/27762","targetHints":{"allow":["GET"]}}],"collection":[{"href":"https:\/\/meminto.com\/de\/wp-json\/wp\/v2\/posts"}],"about":[{"href":"https:\/\/meminto.com\/de\/wp-json\/wp\/v2\/types\/post"}],"author":[{"embeddable":true,"href":"https:\/\/meminto.com\/de\/wp-json\/wp\/v2\/users\/1"}],"replies":[{"embeddable":true,"href":"https:\/\/meminto.com\/de\/wp-json\/wp\/v2\/comments?post=27762"}],"version-history":[{"count":10,"href":"https:\/\/meminto.com\/de\/wp-json\/wp\/v2\/posts\/27762\/revisions"}],"predecessor-version":[{"id":31804,"href":"https:\/\/meminto.com\/de\/wp-json\/wp\/v2\/posts\/27762\/revisions\/31804"}],"wp:featuredmedia":[{"embeddable":true,"href":"https:\/\/meminto.com\/de\/wp-json\/wp\/v2\/media\/27904"}],"wp:attachment":[{"href":"https:\/\/meminto.com\/de\/wp-json\/wp\/v2\/media?parent=27762"}],"wp:term":[{"taxonomy":"category","embeddable":true,"href":"https:\/\/meminto.com\/de\/wp-json\/wp\/v2\/categories?post=27762"},{"taxonomy":"post_tag","embeddable":true,"href":"https:\/\/meminto.com\/de\/wp-json\/wp\/v2\/tags?post=27762"}],"curies":[{"name":"wp","href":"https:\/\/api.w.org\/{rel}","templated":true}]}}